{"id":488,"date":"2021-11-24T15:58:49","date_gmt":"2021-11-24T14:58:49","guid":{"rendered":"http:\/\/for-the-earth.pl\/?p=488"},"modified":"2024-09-25T15:20:34","modified_gmt":"2024-09-25T13:20:34","slug":"recykling-w-grecji-ankieta","status":"publish","type":"post","link":"http:\/\/for-the-earth.pl\/index.php\/2021\/11\/24\/recykling-w-grecji-ankieta\/","title":{"rendered":"Recykling w Grecji &#8211; ankieta"},"content":{"rendered":"<style type=\"text\/css\"><\/style>\n<section class=\"kc-elm kc-css-93138 kc_row\">\n<div class=\"kc-row-container  kc-container\">\n<div class=\"kc-wrap-columns\">\n<div class=\"kc-elm kc-css-742384 kc_col-sm-12 kc_column kc_col-sm-12\">\n<div class=\"kc-col-container\">\n<div class=\"kc-elm kc-css-165891 kc_text_block\">\n<p><strong>Nasze \u015brodowisko naturalne nadal znajduje si\u0119 w dramatycznej sytuacji. Jednym z g\u0142\u00f3wnych problem\u00f3w jest ci\u0105g\u0142e za\u015bmiecanie spowodowane rosn\u0105cym w wielu krajach (w tym r\u00f3wnie\u017c w Grecji) konsumpcjonizmem. My &#8211; autorzy tego bloga &#8211; zadali\u015bmy Grekom par\u0119 pyta\u0144 dotycz\u0105cych takich temat\u00f3w jak: segregacja \u015bmieci czy recykling plastiku. Chcieli\u015bmy zobaczy\u0107, jaka jest wiedza i \u015bwiadomo\u015b\u0107 mieszka\u0144c\u00f3w Grecji na temat tych problem\u00f3w. W dalszej cz\u0119\u015bci artyku\u0142u dowiesz si\u0119 jak wygl\u0105daj\u0105 wyniki tej sondy oraz jakie wysnuli\u015bmy wnioski z odpowiedzi ankietowanych.<\/strong><\/p>\n<\/div>\n<div class=\"kc-elm kc-css-696740 kc_text_block\">\n<h2>Metoda zbierania danych<\/h2>\n<\/div>\n<div class=\"kc-elm kc-css-498558 kc_text_block\">\n<p>Nasza ankieta sk\u0142ada\u0142a si\u0119 z pi\u0119ciu prostych pyta\u0144 w j\u0119zyku angielskim, kt\u00f3re zadali\u015bmy ludziom napotkanym na ulicach Larisy &#8211; jednego z najwi\u0119kszych miast \u015brodkowej Grecji. Zadbali\u015bmy o zr\u00f3\u017cnicowanie naszej pr\u00f3bki statystycznej, wybieraj\u0105c osoby r\u00f3\u017cnej p\u0142ci z r\u00f3\u017cnych grup wiekowych. W\u015br\u00f3d ankietowanych przewa\u017cnie dominowa\u0142a postawa pokazuj\u0105ca szerokie zrozumienie problemu.\u00a0 Pomimo trudno\u015bci spowodowanych barier\u0105 j\u0119zykow\u0105 mieszka\u0144cy Larisy ch\u0119tnie odpowiadali na nasze pytania.<\/p>\n<\/div>\n<div class=\"kc-elm kc-css-565226 kc_text_block\">\n<h2>Rezultaty ankiety<\/h2>\n<\/div>\n<div class=\"kc-elm kc-css-441647 kc_text_block\">\n<p>Wyniki naszej ankiety zdecydowanie nie napawaj\u0105 optymizmem. Ankietowani zaczynali od ocenienia swojej wiedzy na temat recyklingu. Opinie znacznie si\u0119 r\u00f3\u017cni\u0142y, ale najcz\u0119\u015bciej wyst\u0119powa\u0142y odpowiedzi pomi\u0119dzy 5 a 8. Plastikowa butelka rozk\u0142ada si\u0119 pomi\u0119dzy 100 a 1000 lat, jednak tylko czterech z pi\u0119tnastu zapytanych Grek\u00f3w poda\u0142o odpowiedzi z tego przedzia\u0142u. Przewa\u017ca\u0142a odpowied\u017a \u201e10\u201d &#8211; trzech ankietowanych poda\u0142o t\u0105 liczb\u0119. Na drugim miejscu z r\u00f3wn\u0105 ilo\u015bci\u0105 odpowiedzi znalaz\u0142y si\u0119 liczby 20 oraz 100. Widzimy tutaj wyra\u017an\u0105 i alarmuj\u0105c\u0105 tendencj\u0119 do zani\u017cania ilo\u015bci czasu potrzebnego, by \u015brodowisko \u201epozby\u0142o si\u0119&#8221; tego odpadu. Kolejnym niepokoj\u0105cym zjawiskiem jego to, \u017ce tylko jeden ankietowany poprawnie odpowiedzia\u0142 na pytanie, co nale\u017cy zrobi\u0107 z pustym kartonem po mleku lub soku, chocia\u017c dw\u00f3ch na trzech Grek\u00f3w deklarowa\u0142o segregacj\u0119 \u015bmieci! Warto r\u00f3wnie\u017c wspomnie\u0107, \u017ce osoby, kt\u00f3re poprawnie odpowiada\u0142y na pytania, mia\u0142y sk\u0142onno\u015b\u0107 do zani\u017cania oceny poziomu swojej wiedzy, w tym czasie ankietowani udzielaj\u0105cy z\u0142ych odpowiedzi, mieli tendencj\u0119 do znacznego jej zawy\u017cania. Na pocieszenie mieszka\u0144cy Larisy s\u0105 \u015bwiadomi problemu zwi\u0105zanego ze \u015brodowiskiem, poniewa\u017c tylko jeden z trzynastu ankietowanych uzna\u0142 poziom edukacji w Grecji na temat klimatu za wystarczaj\u0105cy.<\/p>\n<\/div>\n<div class=\"kc-elm kc-css-635770 kc_shortcode kc_single_image\">\n<p>        <img decoding=\"async\" src=\"http:\/\/for-the-earth.pl\/wp-content\/uploads\/2021\/11\/Dodaj-naglowek-2.jpg\" class=\"\" alt=\"\" \/>    <\/div>\n<div class=\"kc-elm kc-css-850064 kc_text_block\">\n<h2>Kolejne kroki<\/h2>\n<\/div>\n<div class=\"kc-elm kc-css-695911 kc_text_block\">\n<p>W tej ci\u0119\u017ckiej sytuacji nale\u017ca\u0142oby zastanowi\u0107 si\u0119, jak powinny post\u0119powa\u0107 w\u0142adze oraz autorytety, by pom\u00f3c zako\u0144czy\u0107 kryzys \u015brodowiskowy. Najs\u0142abszym ogniwem zdaje si\u0119 by\u0107 edukacja, gdy\u017c pomimo \u015bwiadomo\u015bci problemu, wi\u0119kszo\u015b\u0107 Grek\u00f3w nie zdaje sobie sprawy z jego skali oraz nie ma wystarczaj\u0105cej wiedzy, by poprawnie dba\u0107 o \u015brodowisko naturalne. Wprowadzenie obowi\u0105zkowych zaj\u0119\u0107 w szko\u0142ach i uruchomienie kampanii informacyjnej dla doros\u0142ych z pewno\u015bci\u0105 przynios\u0142oby pozytywne skutki. Jedyne co aktualnie zosta\u0142o zwyk\u0142ym mieszka\u0144com Grecji to pr\u00f3by zdobywania wiedzy \u201ena w\u0142asn\u0105 r\u0119k\u0119\u201d, by poprawi\u0107 t\u0119 tragiczn\u0105 sytuacj\u0119, w kt\u00f3rej brak edukacji jest g\u0142\u00f3wnym winowajc\u0105.<\/p>\n<\/div>\n<\/div>\n<\/div>\n<\/div>\n<\/div>\n<\/section>\n","protected":false},"excerpt":{"rendered":"<p>Nasze \u015brodowisko naturalne nadal znajduje si\u0119 w dramatycznej sytuacji. Jednym z g\u0142\u00f3wnych problem\u00f3w jest ci\u0105g\u0142e za\u015bmiecanie spowodowane rosn\u0105cym w wielu krajach (w tym r\u00f3wnie\u017c w Grecji) konsumpcjonizmem. My &#8211; autorzy tego bloga &#8211; zadali\u015bmy Grekom par\u0119 pyta\u0144 dotycz\u0105cych takich temat\u00f3w jak: segregacja \u015bmieci czy recykling plastiku. Chcieli\u015bmy zobaczy\u0107, jaka jest wiedza i \u015bwiadomo\u015b\u0107 mieszka\u0144c\u00f3w Grecji na temat tych problem\u00f3w. W dalszej cz\u0119\u015bci artyku\u0142u dowiesz si\u0119 jak wygl\u0105daj\u0105 wyniki tej sondy oraz jakie wysnuli\u015bmy wnioski z odpowiedzi ankietowanych. Metoda zbierania danych Nasza ankieta sk\u0142ada\u0142a si\u0119 z pi\u0119ciu prostych pyta\u0144 w j\u0119zyku angielskim, kt\u00f3re zadali\u015bmy ludziom napotkanym na ulicach Larisy &#8211; jednego z najwi\u0119kszych miast \u015brodkowej Grecji. Zadbali\u015bmy o zr\u00f3\u017cnicowanie naszej pr\u00f3bki statystycznej, wybieraj\u0105c osoby r\u00f3\u017cnej p\u0142ci z r\u00f3\u017cnych grup wiekowych. W\u015br\u00f3d ankietowanych przewa\u017cnie dominowa\u0142a postawa pokazuj\u0105ca szerokie zrozumienie problemu.\u00a0 Pomimo trudno\u015bci spowodowanych barier\u0105 j\u0119zykow\u0105 mieszka\u0144cy Larisy ch\u0119tnie odpowiadali na nasze pytania. Rezultaty ankiety Wyniki naszej ankiety zdecydowanie nie napawaj\u0105 optymizmem. Ankietowani zaczynali od ocenienia swojej wiedzy na temat recyklingu. Opinie znacznie si\u0119 r\u00f3\u017cni\u0142y, ale najcz\u0119\u015bciej wyst\u0119powa\u0142y odpowiedzi pomi\u0119dzy 5 a 8. Plastikowa butelka rozk\u0142ada si\u0119 pomi\u0119dzy 100 a 1000 lat, jednak tylko czterech z pi\u0119tnastu zapytanych Grek\u00f3w poda\u0142o odpowiedzi z tego przedzia\u0142u. Przewa\u017ca\u0142a odpowied\u017a \u201e10\u201d &#8211; trzech ankietowanych poda\u0142o t\u0105 liczb\u0119. Na drugim miejscu z r\u00f3wn\u0105 ilo\u015bci\u0105 odpowiedzi znalaz\u0142y si\u0119 liczby 20 oraz 100. Widzimy tutaj wyra\u017an\u0105 i alarmuj\u0105c\u0105 tendencj\u0119 do zani\u017cania ilo\u015bci czasu potrzebnego, by \u015brodowisko \u201epozby\u0142o si\u0119&#8221; tego odpadu. Kolejnym niepokoj\u0105cym zjawiskiem jego to, \u017ce tylko jeden ankietowany poprawnie odpowiedzia\u0142 na pytanie, co nale\u017cy zrobi\u0107 z pustym kartonem po mleku lub soku, chocia\u017c dw\u00f3ch na trzech Grek\u00f3w deklarowa\u0142o segregacj\u0119 \u015bmieci! Warto r\u00f3wnie\u017c wspomnie\u0107, \u017ce osoby, kt\u00f3re poprawnie odpowiada\u0142y na pytania, mia\u0142y sk\u0142onno\u015b\u0107 do zani\u017cania oceny poziomu swojej wiedzy, w tym czasie ankietowani udzielaj\u0105cy z\u0142ych odpowiedzi, mieli tendencj\u0119 do znacznego jej zawy\u017cania. Na pocieszenie mieszka\u0144cy Larisy s\u0105 \u015bwiadomi problemu zwi\u0105zanego ze \u015brodowiskiem, poniewa\u017c tylko jeden z trzynastu ankietowanych uzna\u0142 poziom edukacji w Grecji na temat klimatu za wystarczaj\u0105cy. Kolejne kroki W tej ci\u0119\u017ckiej sytuacji nale\u017ca\u0142oby zastanowi\u0107 si\u0119, jak powinny post\u0119powa\u0107 w\u0142adze oraz autorytety, by pom\u00f3c zako\u0144czy\u0107 kryzys \u015brodowiskowy. Najs\u0142abszym ogniwem zdaje si\u0119 by\u0107 edukacja, gdy\u017c pomimo \u015bwiadomo\u015bci problemu, wi\u0119kszo\u015b\u0107 Grek\u00f3w nie zdaje sobie sprawy z jego skali oraz nie ma wystarczaj\u0105cej wiedzy, by poprawnie dba\u0107 o \u015brodowisko naturalne. Wprowadzenie obowi\u0105zkowych zaj\u0119\u0107 w szko\u0142ach i uruchomienie kampanii informacyjnej dla doros\u0142ych z pewno\u015bci\u0105 przynios\u0142oby pozytywne skutki. Jedyne co aktualnie zosta\u0142o zwyk\u0142ym mieszka\u0144com Grecji to pr\u00f3by zdobywania wiedzy \u201ena w\u0142asn\u0105 r\u0119k\u0119\u201d, by poprawi\u0107 t\u0119 tragiczn\u0105 sytuacj\u0119, w kt\u00f3rej brak edukacji jest g\u0142\u00f3wnym winowajc\u0105.<\/p>\n","protected":false},"author":3,"featured_media":671,"comment_status":"closed","ping_status":"open","sticky":false,"template":"","format":"standard","meta":{"footnotes":""},"categories":[1,122],"tags":[],"class_list":["post-488","post","type-post","status-publish","format-standard","has-post-thumbnail","hentry","category-bez-kategorii","category-pmu-mob-1"],"_links":{"self":[{"href":"http:\/\/for-the-earth.pl\/index.php\/wp-json\/wp\/v2\/posts\/488","targetHints":{"allow":["GET"]}}],"collection":[{"href":"http:\/\/for-the-earth.pl\/index.php\/wp-json\/wp\/v2\/posts"}],"about":[{"href":"http:\/\/for-the-earth.pl\/index.php\/wp-json\/wp\/v2\/types\/post"}],"author":[{"embeddable":true,"href":"http:\/\/for-the-earth.pl\/index.php\/wp-json\/wp\/v2\/users\/3"}],"replies":[{"embeddable":true,"href":"http:\/\/for-the-earth.pl\/index.php\/wp-json\/wp\/v2\/comments?post=488"}],"version-history":[{"count":10,"href":"http:\/\/for-the-earth.pl\/index.php\/wp-json\/wp\/v2\/posts\/488\/revisions"}],"predecessor-version":[{"id":1089,"href":"http:\/\/for-the-earth.pl\/index.php\/wp-json\/wp\/v2\/posts\/488\/revisions\/1089"}],"wp:featuredmedia":[{"embeddable":true,"href":"http:\/\/for-the-earth.pl\/index.php\/wp-json\/wp\/v2\/media\/671"}],"wp:attachment":[{"href":"http:\/\/for-the-earth.pl\/index.php\/wp-json\/wp\/v2\/media?parent=488"}],"wp:term":[{"taxonomy":"category","embeddable":true,"href":"http:\/\/for-the-earth.pl\/index.php\/wp-json\/wp\/v2\/categories?post=488"},{"taxonomy":"post_tag","embeddable":true,"href":"http:\/\/for-the-earth.pl\/index.php\/wp-json\/wp\/v2\/tags?post=488"}],"curies":[{"name":"wp","href":"https:\/\/api.w.org\/{rel}","templated":true}]}}