{"id":389,"date":"2021-11-24T14:34:49","date_gmt":"2021-11-24T13:34:49","guid":{"rendered":"http:\/\/for-the-earth.pl\/?p=389"},"modified":"2024-09-25T15:20:34","modified_gmt":"2024-09-25T13:20:34","slug":"vv","status":"publish","type":"post","link":"http:\/\/for-the-earth.pl\/index.php\/2021\/11\/24\/vv\/","title":{"rendered":"Recykling &#8211; Polska a Grecja"},"content":{"rendered":"<style type=\"text\/css\"><\/style>\n<section class=\"kc-elm kc-css-3749997 kc_row\">\n<div class=\"kc-row-container  kc-container\">\n<div class=\"kc-wrap-columns\">\n<div class=\"kc-elm kc-css-4150841 kc_column kc_col-sm-12\">\n<div class=\"kc-col-container\">\n<div class=\"kc-elm kc-css-28868 kc_text_block\">\n<h5 class=\"MsoNormal\" style=\"text-align: left;\"><b>Obecnie coraz wi\u0119cej m\u00f3wi si\u0119 o konieczno\u015bci ochrony zanieczyszczonego przez ludzi \u015brodowiska. Co roku do ocean\u00f3w trafia oko\u0142o 8 milion\u00f3w ton plastikowych odpad\u00f3w, na wysypiskach \u015bmieci l\u0105duje ponad 10 miliard\u00f3w plastikowych d\u0142ugopis\u00f3w, a coraz wa\u017cniejszym tematem jest ochrona \u015brodowiska, w tym segregacja \u015bmieci. A czy wiesz jak wygl\u0105da recykling w Polsce a w Grecji? <\/b><\/h5>\n<h5 class=\"MsoNormal\" style=\"text-align: left;\"><b>W tym artykule dowiesz si\u0119: jak dba\u0107 o \u015brodowisko, dlaczego powinni\u015bmy segregowa\u0107 odpady i jakie s\u0105 r\u00f3\u017cnice w recyklingu oraz jego postrzeganiu w\u015br\u00f3d Polak\u00f3w i Grek\u00f3w.<\/b><\/h5>\n<\/div>\n<div class=\"kc-elm kc-css-143964 kc-title-wrap \">\n<h2 class=\"kc_title\">Dlaczego podzia\u0142 \u015bmieci jest wa\u017cny?<\/h2>\n<\/div>\n<div class=\"kc-elm kc-css-115275 kc_text_block\">\n<p class=\"MsoNormal\" style=\"text-align: left;\">Aktualnie problem za\u015bmieconych miast jest powszechny, co wynika z obecno\u015bci ludzi. Natomiast \u015bmieci dostaj\u0105 si\u0119 nawet do odludnych miejsc, pozbawionych sta\u0142ej obecno\u015bci cz\u0142owieka, a te trafiaj\u0105ce do zbiornik\u00f3w wodnych powoduj\u0105 pogorszenie warunk\u00f3w \u017cycia zwierz\u0105t, a nawet ich \u015bmier\u0107. Segregacja tych \u015bmieci pozwoli\u0142aby na powt\u00f3rne przetworzenie i wykorzystanie, dzi\u0119ki czemu nie trafi\u0142yby do miejsc niepo\u017c\u0105danych. Dodatkowo wytwarzanie produkt\u00f3w z materia\u0142\u00f3w z recyklingu poch\u0142ania znacznie mniej energii.<\/p>\n<p style=\"text-align: center;\">\n<\/div>\n<div class=\"kc-elm kc-css-4349912 kc_shortcode kc_single_image\">\n<p>        <img decoding=\"async\" src=\"http:\/\/for-the-earth.pl\/wp-content\/uploads\/2021\/11\/Projekt-bez-tytulu-1-1-scaled.jpg\" class=\"\" alt=\"\" \/>    <\/div>\n<div class=\"kc-elm kc-css-60411 kc-title-wrap \">\n<h2 class=\"kc_title\">Segregacja odpad\u00f3w w Polsce a w Grecji &#8211; r\u00f3\u017cnice<\/h2>\n<\/div>\n<div class=\"kc-elm kc-css-2261954 kc_text_block\">\n<p>Od 2021 roku w Polsce istnieje obowi\u0105zek segregacji odpad\u00f3w. Ka\u017cdy mieszkaniec jest zobowi\u0105zany do podzia\u0142u \u015bmieci na tworzywa sztuczne i metale (kosz \u017c\u00f3\u0142ty) , papier (niebieski), szk\u0142o (zielony), odpady komunalne (czarny\/ szary) oraz BIO (br\u0105zowy). Natomiast odpady takie jak leki, baterie i urz\u0105dzenia elektroniczne wyrzuca si\u0119 w konkretnych miejscach do tego przeznaczonych.<\/p>\n<p>W Grecji istniej\u0105 tylko dwie kategorie \u015bmieci &#8211; mieszane i segregowane, na kt\u00f3re sk\u0142adaj\u0105 si\u0119 odpady z tworzywa sztucznego, metalu, papieru i szk\u0142a.<\/p>\n<p style=\"text-align: center;\">\n<\/div>\n<div class=\"kc-elm kc-css-2984600 kc-title-wrap \">\n<h2 class=\"kc_title\">Teoria a rzeczywisto\u015b\u0107, czyli jak naprawd\u0119 wygl\u0105da segregacja?<\/h2>\n<\/div>\n<div class=\"kc-elm kc-css-903246 kc_text_block\">\n<p class=\"MsoNormal\" style=\"text-align: left;\">Wed\u0142ug bada\u0144 przeprowadzonych przed wprowadzeniem prawnego obowi\u0105zku segregacji a\u017c 66% Polak\u00f3w stosowa\u0142o si\u0119 do zasad recyklingu. Niestety tylko 52% spo\u015br\u00f3d badanych potrafi\u0142o zrobi\u0107 to poprawnie. Natomiast Grecy podchodz\u0105 do tego bardziej oboj\u0119tnie (jedynie oko\u0142o 20% z nich segreguje \u015bmieci). Nie s\u0105 \u015bwiadomi skali problemu, poniewa\u017c edukacja szkolna na ten temat jest niewystarczaj\u0105ca. Dlatego w nast\u0119pnym akapicie przedstawimy przydatne wskaz\u00f3wki dotycz\u0105ce segregacji.<\/p>\n<p style=\"text-align: center;\">\n<\/div>\n<div class=\"kc-elm kc-css-1919787 kc-title-wrap \">\n<h2 class=\"kc_title\">Jak segregowa\u0107 problematyczne odpady?<\/h2>\n<\/div>\n<div class=\"kc-elm kc-css-1630472\" style=\"height: 20px; clear: both; width:100%;\"><\/div>\n<div class=\"kc-elm kc-css-595984 kc_shortcode kc_single_image\">\n<p>        <img decoding=\"async\" src=\"http:\/\/for-the-earth.pl\/wp-content\/uploads\/2021\/11\/Projekt-bez-tytulu-3-scaled.jpg\" class=\"\" alt=\"\" \/>    <\/div>\n<div class=\"kc-elm kc-css-3525945 kc_text_block\">\n<p><!-- &#091;if !supportLists&#093;--><span style=\"font-family: Symbol; mso-fareast-font-family: Symbol; mso-bidi-font-family: Symbol;\"><span style=\"mso-list: Ignore;\">\u00b7<span style=\"font: 7.0pt &#039;Times New Roman&#039;;\">\u00a0\u00a0\u00a0\u00a0\u00a0\u00a0\u00a0 <\/span><\/span><\/span><!--&#091;endif&#093;--><strong>karton po mleku<\/strong> \u2013 chocia\u017c opakowanie wygl\u0105da na papierowe wyrzucamy je do \u017c\u00f3\u0142tego pojemnika, bo wewn\u0105trz znajduje si\u0119 pow\u0142oka z tworzywa sztucznego.<\/p>\n<p><!-- &#091;if !supportLists&#093;--><span style=\"font-family: Symbol; mso-fareast-font-family: Symbol; mso-bidi-font-family: Symbol;\"><span style=\"mso-list: Ignore;\">\u00b7<span style=\"font: 7.0pt &#039;Times New Roman&#039;;\">\u00a0\u00a0\u00a0\u00a0\u00a0\u00a0\u00a0 <\/span><\/span><\/span><!--&#091;endif&#093;--><strong>opakowania po dezodorantach w sprayu<\/strong> &#8211; typowy dezodorant sk\u0142ada si\u0119 ze sprz\u0119\u017conej cieczy, kt\u00f3ra jest umieszczona w metalowej butelce z plastikow\u0105 ko\u0144c\u00f3wk\u0105 i nakr\u0119tk\u0105. Dlatego po zu\u017cyciu powinien si\u0119 znale\u017a\u0107 w dw\u00f3ch pojemnikach &#8211; metalowa cz\u0119\u015b\u0107 w tym na odpady zmieszane, a plastikowa w koszu na metale i tworzywa sztuczne.<\/p>\n<p><!-- &#091;if !supportLists&#093;--><span style=\"font-family: Symbol; mso-fareast-font-family: Symbol; mso-bidi-font-family: Symbol;\"><span style=\"mso-list: Ignore;\">\u00b7<span style=\"font: 7.0pt &#039;Times New Roman&#039;;\">\u00a0\u00a0\u00a0\u00a0\u00a0\u00a0\u00a0 <\/span><\/span><\/span><!--&#091;endif&#093;--><strong>styropian<\/strong> -w wi\u0119kszo\u015bci przypadk\u00f3w powinien on zosta\u0107 umieszczony w pojemniku na metale i tworzywa sztuczne, jednak je\u015bli np. wykonane z niego opakowanie na jedzenie jest bardzo zabrudzone (szczeg\u00f3lnie zat\u0142uszczone), nale\u017cy zadba\u0107, by trafi\u0142o do sekcji odpad\u00f3w zmieszanych.<\/p>\n<p><!-- &#091;if !supportLists&#093;--><span style=\"font-family: Symbol; mso-fareast-font-family: Symbol; mso-bidi-font-family: Symbol;\"><span style=\"mso-list: Ignore;\">\u00b7<span style=\"font: 7.0pt &#039;Times New Roman&#039;;\">\u00a0\u00a0\u00a0\u00a0\u00a0\u00a0\u00a0 <\/span><\/span><\/span><strong><!--&#091;endif&#093;-->tubka po pa\u015bcie do z\u0119b\u00f3w oraz szczoteczki do z\u0119b\u00f3w<\/strong> &#8211; przed wyrzuceniem tubki nale\u017cy si\u0119 upewni\u0107 czy opakowanie po pa\u015bcie jest wykonane w ca\u0142o\u015bci z plastiku lub metalu, je\u015bli tak, mo\u017cna umie\u015bci\u0107 je w koszu na tworzywa sztuczne. Natomiast szczoteczki powinny trafia\u0107 do sekcji odpad\u00f3w zmieszanych.<\/p>\n<p style=\"text-align: center;\">\n<\/div>\n<\/div>\n<\/div>\n<\/div>\n<\/div>\n<\/section>\n<section class=\"kc-elm kc-css-1309340 kc_row\">\n<div class=\"kc-row-container  kc-container\">\n<div class=\"kc-wrap-columns\">\n<div class=\"kc-elm kc-css-1275186 kc_col-sm-12 kc_column kc_col-sm-12\">\n<div class=\"kc-col-container\">\n<div class=\"kc-elm kc-css-1395897 kc_text_block\">\n<\/div>\n<\/div>\n<\/div>\n<\/div>\n<\/div>\n<\/section>\n","protected":false},"excerpt":{"rendered":"<p>Obecnie coraz wi\u0119cej m\u00f3wi si\u0119 o konieczno\u015bci ochrony zanieczyszczonego przez ludzi \u015brodowiska. Co roku do ocean\u00f3w trafia oko\u0142o 8 milion\u00f3w ton plastikowych odpad\u00f3w, na wysypiskach \u015bmieci l\u0105duje ponad 10 miliard\u00f3w plastikowych d\u0142ugopis\u00f3w, a coraz wa\u017cniejszym tematem jest ochrona \u015brodowiska, w tym segregacja \u015bmieci. A czy wiesz jak wygl\u0105da recykling w Polsce a w Grecji? W tym artykule dowiesz si\u0119: jak dba\u0107 o \u015brodowisko, dlaczego powinni\u015bmy segregowa\u0107 odpady i jakie s\u0105 r\u00f3\u017cnice w recyklingu oraz jego postrzeganiu w\u015br\u00f3d Polak\u00f3w i Grek\u00f3w. Dlaczego podzia\u0142 \u015bmieci jest wa\u017cny? Aktualnie problem za\u015bmieconych miast jest powszechny, co wynika z obecno\u015bci ludzi. Natomiast \u015bmieci dostaj\u0105 si\u0119 nawet do odludnych miejsc, pozbawionych sta\u0142ej obecno\u015bci cz\u0142owieka, a te trafiaj\u0105ce do zbiornik\u00f3w wodnych powoduj\u0105 pogorszenie warunk\u00f3w \u017cycia zwierz\u0105t, a nawet ich \u015bmier\u0107. Segregacja tych \u015bmieci pozwoli\u0142aby na powt\u00f3rne przetworzenie i wykorzystanie, dzi\u0119ki czemu nie trafi\u0142yby do miejsc niepo\u017c\u0105danych. Dodatkowo wytwarzanie produkt\u00f3w z materia\u0142\u00f3w z recyklingu poch\u0142ania znacznie mniej energii. Segregacja odpad\u00f3w w Polsce a w Grecji &#8211; r\u00f3\u017cnice Od 2021 roku w Polsce istnieje obowi\u0105zek segregacji odpad\u00f3w. Ka\u017cdy mieszkaniec jest zobowi\u0105zany do podzia\u0142u \u015bmieci na tworzywa sztuczne i metale (kosz \u017c\u00f3\u0142ty) , papier (niebieski), szk\u0142o (zielony), odpady komunalne (czarny\/ szary) oraz BIO (br\u0105zowy). Natomiast odpady takie jak leki, baterie i urz\u0105dzenia elektroniczne wyrzuca si\u0119 w konkretnych miejscach do tego przeznaczonych. W Grecji istniej\u0105 tylko dwie kategorie \u015bmieci &#8211; mieszane i segregowane, na kt\u00f3re sk\u0142adaj\u0105 si\u0119 odpady z tworzywa sztucznego, metalu, papieru i szk\u0142a. Teoria a rzeczywisto\u015b\u0107, czyli jak naprawd\u0119 wygl\u0105da segregacja? Wed\u0142ug bada\u0144 przeprowadzonych przed wprowadzeniem prawnego obowi\u0105zku segregacji a\u017c 66% Polak\u00f3w stosowa\u0142o si\u0119 do zasad recyklingu. Niestety tylko 52% spo\u015br\u00f3d badanych potrafi\u0142o zrobi\u0107 to poprawnie. Natomiast Grecy podchodz\u0105 do tego bardziej oboj\u0119tnie (jedynie oko\u0142o 20% z nich segreguje \u015bmieci). Nie s\u0105 \u015bwiadomi skali problemu, poniewa\u017c edukacja szkolna na ten temat jest niewystarczaj\u0105ca. Dlatego w nast\u0119pnym akapicie przedstawimy przydatne wskaz\u00f3wki dotycz\u0105ce segregacji. Jak segregowa\u0107 problematyczne odpady? \u00b7\u00a0\u00a0\u00a0\u00a0\u00a0\u00a0\u00a0 karton po mleku \u2013 chocia\u017c opakowanie wygl\u0105da na papierowe wyrzucamy je do \u017c\u00f3\u0142tego pojemnika, bo wewn\u0105trz znajduje si\u0119 pow\u0142oka z tworzywa sztucznego. \u00b7\u00a0\u00a0\u00a0\u00a0\u00a0\u00a0\u00a0 opakowania po dezodorantach w sprayu &#8211; typowy dezodorant sk\u0142ada si\u0119 ze sprz\u0119\u017conej cieczy, kt\u00f3ra jest umieszczona w metalowej butelce z plastikow\u0105 ko\u0144c\u00f3wk\u0105 i nakr\u0119tk\u0105. Dlatego po zu\u017cyciu powinien si\u0119 znale\u017a\u0107 w dw\u00f3ch pojemnikach &#8211; metalowa cz\u0119\u015b\u0107 w tym na odpady zmieszane, a plastikowa w koszu na metale i tworzywa sztuczne. \u00b7\u00a0\u00a0\u00a0\u00a0\u00a0\u00a0\u00a0 styropian -w wi\u0119kszo\u015bci przypadk\u00f3w powinien on zosta\u0107 umieszczony w pojemniku na metale i tworzywa sztuczne, jednak je\u015bli np. wykonane z niego opakowanie na jedzenie jest bardzo zabrudzone (szczeg\u00f3lnie zat\u0142uszczone), nale\u017cy zadba\u0107, by trafi\u0142o do sekcji odpad\u00f3w zmieszanych. \u00b7\u00a0\u00a0\u00a0\u00a0\u00a0\u00a0\u00a0 tubka po pa\u015bcie do z\u0119b\u00f3w oraz szczoteczki do z\u0119b\u00f3w &#8211; przed wyrzuceniem tubki nale\u017cy si\u0119 upewni\u0107 czy opakowanie po pa\u015bcie jest wykonane w ca\u0142o\u015bci z plastiku lub metalu, je\u015bli tak, mo\u017cna umie\u015bci\u0107 je w koszu na tworzywa sztuczne. Natomiast szczoteczki powinny trafia\u0107 do sekcji odpad\u00f3w zmieszanych.<\/p>\n","protected":false},"author":3,"featured_media":513,"comment_status":"closed","ping_status":"open","sticky":false,"template":"","format":"standard","meta":{"footnotes":""},"categories":[1,122],"tags":[],"class_list":["post-389","post","type-post","status-publish","format-standard","has-post-thumbnail","hentry","category-bez-kategorii","category-pmu-mob-1"],"_links":{"self":[{"href":"http:\/\/for-the-earth.pl\/index.php\/wp-json\/wp\/v2\/posts\/389","targetHints":{"allow":["GET"]}}],"collection":[{"href":"http:\/\/for-the-earth.pl\/index.php\/wp-json\/wp\/v2\/posts"}],"about":[{"href":"http:\/\/for-the-earth.pl\/index.php\/wp-json\/wp\/v2\/types\/post"}],"author":[{"embeddable":true,"href":"http:\/\/for-the-earth.pl\/index.php\/wp-json\/wp\/v2\/users\/3"}],"replies":[{"embeddable":true,"href":"http:\/\/for-the-earth.pl\/index.php\/wp-json\/wp\/v2\/comments?post=389"}],"version-history":[{"count":16,"href":"http:\/\/for-the-earth.pl\/index.php\/wp-json\/wp\/v2\/posts\/389\/revisions"}],"predecessor-version":[{"id":1091,"href":"http:\/\/for-the-earth.pl\/index.php\/wp-json\/wp\/v2\/posts\/389\/revisions\/1091"}],"wp:featuredmedia":[{"embeddable":true,"href":"http:\/\/for-the-earth.pl\/index.php\/wp-json\/wp\/v2\/media\/513"}],"wp:attachment":[{"href":"http:\/\/for-the-earth.pl\/index.php\/wp-json\/wp\/v2\/media?parent=389"}],"wp:term":[{"taxonomy":"category","embeddable":true,"href":"http:\/\/for-the-earth.pl\/index.php\/wp-json\/wp\/v2\/categories?post=389"},{"taxonomy":"post_tag","embeddable":true,"href":"http:\/\/for-the-earth.pl\/index.php\/wp-json\/wp\/v2\/tags?post=389"}],"curies":[{"name":"wp","href":"https:\/\/api.w.org\/{rel}","templated":true}]}}