{"id":332,"date":"2021-11-24T16:07:58","date_gmt":"2021-11-24T15:07:58","guid":{"rendered":"http:\/\/for-the-earth.pl\/?p=332"},"modified":"2024-09-25T15:20:34","modified_gmt":"2024-09-25T13:20:34","slug":"swiadomosc-grekow-na-temat-zmian-klimatu-i-ekologii-ankieta","status":"publish","type":"post","link":"http:\/\/for-the-earth.pl\/index.php\/2021\/11\/24\/swiadomosc-grekow-na-temat-zmian-klimatu-i-ekologii-ankieta\/","title":{"rendered":"\u015awiadomo\u015b\u0107 Grek\u00f3w na temat zmian klimatu i ekologii &#8211; ankieta"},"content":{"rendered":"<style type=\"text\/css\">@media only screen and (min-width: 1000px) and (max-width: 5000px){body.kc-css-system .kc-css-20273{width: 100%;}body.kc-css-system .kc-css-547015{width: 100%;}body.kc-css-system .kc-css-671463{width: 100%;}body.kc-css-system .kc-css-449929{width: 100%;}body.kc-css-system .kc-css-153027{width: 100%;}}<\/style>\n<section class=\"kc-elm kc-css-840940 kc_row\">\n<div class=\"kc-row-container  kc-container\">\n<div class=\"kc-wrap-columns\">\n<div class=\"kc-elm kc-css-706221 kc_col-sm-12 kc_column kc_col-sm-12\">\n<div class=\"kc-col-container\">\n<div class=\"kc-elm kc-css-79834 kc_text_block\">\n<p dir=\"ltr\" style=\"line-height: 1.38; margin-top: 0pt; margin-bottom: 0pt;\"><strong><span style=\"background-color: transparent; color: #000000; font-family: Arial; font-size: 12pt; white-space: pre-wrap;\">B\u0119d\u0105c w Grecji zastanawiali\u015bmy si\u0119 jakie jest nastawienie lokalnej ludno\u015bci do tematu ekologii i ochrony klimatu. Przeprowadzili\u015bmy ankiet\u0119 uliczn\u0105 w dniu 18 listopada bie\u017c\u0105cego roku w greckim mie\u015bcie Larisa. W ankiecie bra\u0142o udzia\u0142 16 os\u00f3b, w r\u00f3\u017cnych przedzia\u0142ach wiekowych. Chcieliby\u015bmy przedstawi\u0107 wyniki ankiety i podsumowa\u0107 je<\/span><span style=\"background-color: transparent; color: #000000; font-family: Arial; font-size: 12pt; white-space: pre-wrap;\">.<\/span><\/strong><\/p>\n<\/div>\n<div class=\"kc-elm kc-css-201018 kc_row kc_row_inner\">\n<div class=\"kc-elm kc-css-20273 kc_col-sm-12 kc_column_inner kc_col-sm-12\">\n<div class=\"kc_wrapper kc-col-inner-container\">\n<div class=\"kc-elm kc-css-849300 kc-animated kc-animate-eff-bounce kc-title-wrap \">\n<h2 class=\"kc_title\">Popularno\u015b\u0107 odnawialnych \u017ar\u00f3de\u0142 energii w Grecji<\/h2>\n<\/div>\n<div class=\"kc-elm kc-css-930173 kc_text_block\">\n<p dir=\"ltr\" style=\"line-height: 1.38; margin-top: 0pt; margin-bottom: 0pt;\"><span style=\"font-size: 12pt; font-family: Arial; color: #000000; background-color: transparent; font-weight: bold; font-style: normal; font-variant: normal; text-decoration: none; vertical-align: baseline; white-space: pre-wrap;\">Odnawialne \u017ar\u00f3d\u0142a energii s\u0105 kluczowe w ratowaniu planety, zarazem nie zabieraj\u0105 one nam wyg\u00f3d nowoczesnego \u017cycia.<\/span><span style=\"font-size: 12pt; font-family: Arial; color: #000000; background-color: transparent; font-weight: 400; font-style: normal; font-variant: normal; text-decoration: none; vertical-align: baseline; white-space: pre-wrap;\"> W Polsce ro\u015bnie liczba instalacji fotowoltaicznych, elektrowni wiatrowych i wodnych. Jak sytuacja wygl\u0105da w Grecji?<\/span><\/p>\n<p dir=\"ltr\" style=\"line-height: 1.38; margin-top: 0pt; margin-bottom: 0pt;\"><span style=\"font-size: 12pt; font-family: Arial; color: #000000; background-color: transparent; font-weight: 400; font-style: normal; font-variant: normal; text-decoration: none; vertical-align: baseline; white-space: pre-wrap;\">Zauwa\u017cyli\u015bmy wiele paneli s\u0142onecznych, czy jednak s\u0105 one tak powszechne jak nam si\u0119 wydaje? Zapytali\u015bmy si\u0119 o to przechodni\u00f3w.<\/span><\/p>\n<p dir=\"ltr\" style=\"line-height: 1.38; margin-top: 0pt; margin-bottom: 0pt;\"><span style=\"font-size: 12pt; font-family: Arial; color: #000000; background-color: transparent; font-weight: 400; font-style: normal; font-variant: normal; text-decoration: none; vertical-align: baseline; white-space: pre-wrap;\">Wed\u0142ug ankiety 28,6% os\u00f3b ankietowanych stale u\u017cywa odnawialnych \u017ar\u00f3de\u0142 energii, a natomiast 14,3% badanych twierdzi \u017ce u\u017cywa ich zamiennie z odnawialnymi \u017ar\u00f3d\u0142ami energii. Zaskoczy\u0142a nas informacja, \u017ce a\u017c 57,1% zapytanych os\u00f3b wcale nie u\u017cywa zielonej energii.<\/span><\/p>\n<\/div>\n<div class=\"kc-elm kc-css-262554 kc-animated kc-animate-eff-fadeInUp kc_shortcode kc_single_image\">\n<p>        <img decoding=\"async\" src=\"http:\/\/for-the-earth.pl\/wp-content\/uploads\/2021\/11\/energia-odnawialna.png\" class=\"\" alt=\"\" \/>    <\/div>\n<\/div>\n<\/div>\n<\/div>\n<div class=\"kc-elm kc-css-716749 kc_row kc_row_inner\">\n<div class=\"kc-elm kc-css-547015 kc_col-sm-12 kc_column_inner kc_col-sm-12\">\n<div class=\"kc_wrapper kc-col-inner-container\">\n<div class=\"kc-elm kc-css-364251 kc-animated kc-animate-eff-bounce kc-title-wrap \">\n<h2 class=\"kc_title\">Czy popularno\u015b\u0107 zielonej energii zbiega si\u0119 z trosk\u0105 o \u015brodowisko Grek\u00f3w?<\/h2>\n<\/div>\n<div class=\"kc-elm kc-css-575558 kc_text_block\">\n<p dir=\"ltr\" style=\"line-height: 1.38; margin-top: 0pt; margin-bottom: 0pt;\"><span style=\"font-size: 12pt; font-family: Arial; color: #000000; background-color: transparent; font-variant-numeric: normal; font-variant-east-asian: normal; vertical-align: baseline; white-space: pre-wrap;\">Zadali\u015bmy pytanie, aby nasi ankietowani ocenili swoj\u0105 trosk\u0119 o \u015brodowisko w skali od 1 do 10. <\/span><span style=\"font-size: 12pt; font-family: Arial; color: #000000; background-color: transparent; font-weight: bold; font-variant-numeric: normal; font-variant-east-asian: normal; vertical-align: baseline; white-space: pre-wrap;\">Wyniki by\u0142y pozytywne. \u017badna osoba nie poda\u0142a liczby od 1 do 4, co oznacza wysoki pr\u00f3g deklaracji na temat dba\u0142o\u015bci o przyrod\u0119<\/span><span style=\"font-size: 12pt; font-family: Arial; color: #000000; background-color: transparent; font-variant-numeric: normal; font-variant-east-asian: normal; vertical-align: baseline; white-space: pre-wrap;\">.\u00a0 64,4% poda\u0142o liczb\u0119 z zakresu od 8 do 10. 35,6 uwa\u017ca, \u017ce przeci\u0119tnie przejmuj\u0119 si\u0119 dobrem \u015brodowiska (podana liczba by\u0142a z zakresu od 5 do 7).\u00a0<\/span><\/p>\n<p dir=\"ltr\" style=\"line-height: 1.38; margin-top: 0pt; margin-bottom: 0pt;\"><span style=\"font-size: 12pt; font-family: Arial; color: #000000; background-color: transparent; font-weight: bold; font-variant-numeric: normal; font-variant-east-asian: normal; vertical-align: baseline; white-space: pre-wrap;\">Wed\u0142ug naszych wynik\u00f3w popularno\u015b\u0107 zielonej energii nie koreluje z deklaracj\u0105 troski o \u015brodowisko.<\/span><span style=\"font-size: 12pt; font-family: Arial; color: #000000; background-color: transparent; font-variant-numeric: normal; font-variant-east-asian: normal; vertical-align: baseline; white-space: pre-wrap;\"> Mo\u017cna to jednak wyt\u0142umaczy\u0107 wci\u0105\u017c rozwijaj\u0105cym si\u0119 rynkiem odnawialnych \u017ar\u00f3de\u0142 energii i niezamo\u017cno\u015bci\u0105 cz\u0119\u015bci spo\u0142ecze\u0144stwa.<\/span><\/p>\n<\/div>\n<div class=\"kc-elm kc-css-234594 kc-animated kc-animate-eff-fadeInUp kc_shortcode kc_single_image\">\n<p>        <img decoding=\"async\" src=\"http:\/\/for-the-earth.pl\/wp-content\/uploads\/2021\/11\/samoswiadomosc-.png\" class=\"\" alt=\"\" \/>    <\/div>\n<\/div>\n<\/div>\n<\/div>\n<div class=\"kc-elm kc-css-605138 kc_row kc_row_inner\">\n<div class=\"kc-elm kc-css-671463 kc_col-sm-12 kc_column_inner kc_col-sm-12\">\n<div class=\"kc_wrapper kc-col-inner-container\">\n<div class=\"kc-elm kc-css-693305 kc-animated kc-animate-eff-bounce kc-title-wrap \">\n<h2 class=\"kc_title\">Jak wygl\u0105daj\u0105 opinie Grek\u00f3w o dba\u0142o\u015bci o \u015brodowisko ich wsp\u00f3\u0142obywateli? <\/h2>\n<\/div>\n<div class=\"kc-elm kc-css-586094 kc_text_block\">\n<p><b>Wyniki te znacznie r\u00f3\u017cni\u0105 si\u0119 od samooceny na ten sam temat.<\/b><span style=\"font-weight: 400;\"> Grecy s\u0105 bardziej krytyczni wobec innych ludzi w tym zakresie, co przedstawiaj\u0105 wyniki kolejnego pytania.\u00a0<\/span><\/p>\n<p><span style=\"font-weight: 400;\">W przedziale od 1 do 4 znalaz\u0142o si\u0119 28,6 % odpowiedzi, gdy poprzednio by\u0142o to 0 %. Zaskakuj\u0105co jednak nikt nie udzieli\u0142 odpowiedzi w przedziale od 8 do 10, co oznacza nisk\u0105 opini\u0119 Grek\u00f3w o dzia\u0142aniach ekologicznych wsp\u00f3\u0142obywateli.<\/span><\/p>\n<\/div>\n<div class=\"kc-elm kc-css-448104 kc-animated kc-animate-eff-fadeInUp kc_shortcode kc_single_image\">\n<p>        <img decoding=\"async\" src=\"http:\/\/for-the-earth.pl\/wp-content\/uploads\/2021\/11\/samoswiadomosc-ekologiczna.png\" class=\"\" alt=\"\" \/>    <\/div>\n<\/div>\n<\/div>\n<\/div>\n<div class=\"kc-elm kc-css-241629 kc_row kc_row_inner\">\n<div class=\"kc-elm kc-css-449929 kc_col-sm-12 kc_column_inner kc_col-sm-12\">\n<div class=\"kc_wrapper kc-col-inner-container\">\n<div class=\"kc-elm kc-css-503164 kc-animated kc-animate-eff-bounce kc-title-wrap \">\n<h2 class=\"kc_title\">Jak oceniane s\u0105 dzia\u0142ania rz\u0105du?<\/h2>\n<\/div>\n<div class=\"kc-elm kc-css-720767 kc_text_block\">\n<p><span style=\"font-weight: 400;\">Najwi\u0119kszy wp\u0142yw na zmiany klimatu maj\u0105 najpot\u0119\u017cniejsze organizacje, takie jak rz\u0105dy kraj\u00f3w. Maj\u0105 one pieni\u0105dze i w\u0142adz\u0119, aby skutecznie ogranicza\u0107 szkodliwe dzia\u0142ania w kierunku klimatu. Dlatego Greccy opowiedzili nam o swoich punktach widzenia na temat aktywno\u015bci rz\u0105du w ekologii.<\/span><\/p>\n<p><span style=\"font-weight: 400;\">A\u017c 78,6% os\u00f3b poda\u0142o liczb\u0119 z zakresu od 1 do 4.<\/span><b> Mo\u017cemy zauwa\u017cy\u0107 du\u017ce niezadowolenie z polityki pa\u0144stwa.<\/b><\/p>\n<p><span style=\"font-weight: 400;\">Natomiast tylko 28,4% ankietowanych odpowiedzia\u0142o si\u0119 za pozytywnym dzia\u0142aniem rz\u0105du.<\/span><\/p>\n<\/div>\n<div class=\"kc-elm kc-css-989158 kc-animated kc-animate-eff-fadeInUp kc_shortcode kc_single_image\">\n<p>        <img decoding=\"async\" src=\"http:\/\/for-the-earth.pl\/wp-content\/uploads\/2021\/11\/ocena-rzadu.png\" class=\"\" alt=\"\" \/>    <\/div>\n<\/div>\n<\/div>\n<\/div>\n<div class=\"kc-elm kc-css-587638 kc_row kc_row_inner\">\n<div class=\"kc-elm kc-css-153027 kc_col-sm-12 kc_column_inner kc_col-sm-12\">\n<div class=\"kc_wrapper kc-col-inner-container\">\n<div class=\"kc-elm kc-css-233260 kc-animated kc-animate-eff-bounce kc-title-wrap \">\n<h2 class=\"kc_title\">Jaka jest znajomo\u015b\u0107 ekologicznych organizacji pozarz\u0105dowych?<\/p>\n<\/h2>\n<\/div>\n<div class=\"kc-elm kc-css-922051 kc_text_block\">\n<p><span style=\"font-weight: 400;\">Opr\u00f3cz rz\u0105du w Grecji dzia\u0142aj\u0105 r\u00f3wnie\u017c pewne organizacje pozarz\u0105dowe, kt\u00f3re wspieraj\u0105 ochron\u0119 \u015brodowiska. Chocia\u017c Grecy deklarowali wysok\u0105 \u015bwiadomo\u015b\u0107 i ch\u0119\u0107 pomocy przyrodzie, <\/span><b>nie znaj\u0105 du\u017cej ilo\u015bci organizacji proekologicznych<\/b><span style=\"font-weight: 400;\">, dzia\u0142aj\u0105cych w ich kraju i na \u015bwiecie.<\/span><\/p>\n<p><span style=\"font-weight: 400;\">57,1 % os\u00f3b zna zaledwie jedn\u0105 lub dwie \u00f3w organizacje. 35,7 % zna natomiast od trzech do czterech takich instytucji. Tylko jedna osoba ankietowana zna ponad cztery organizacje.\u00a0<\/span><\/p>\n<p><span style=\"font-weight: 400;\">Ta informacja nie jest raczej pozytywna, poniewa\u017c wi\u0119kszo\u015b\u0107 Grek\u00f3w prawdopodobnie nie udziela si\u0119 w \u017cadnej z nich, <\/span><b>a organizacje pozarz\u0105dowe s\u0105 kluczowym elementem ratowania \u015brodowiska. <\/b><\/p>\n<\/div>\n<div class=\"kc-elm kc-css-846521 kc-animated kc-animate-eff-fadeInUp kc_shortcode kc_single_image\">\n<p>        <img decoding=\"async\" src=\"http:\/\/for-the-earth.pl\/wp-content\/uploads\/2021\/11\/organizacje-ekoligczne.png\" class=\"\" alt=\"\" \/>    <\/div>\n<\/div>\n<\/div>\n<\/div>\n<\/div>\n<\/div>\n<\/div>\n<\/div>\n<\/section>\n","protected":false},"excerpt":{"rendered":"<p>B\u0119d\u0105c w Grecji zastanawiali\u015bmy si\u0119 jakie jest nastawienie lokalnej ludno\u015bci do tematu ekologii i ochrony klimatu. Przeprowadzili\u015bmy ankiet\u0119 uliczn\u0105 w dniu 18 listopada bie\u017c\u0105cego roku w greckim mie\u015bcie Larisa. W ankiecie bra\u0142o udzia\u0142 16 os\u00f3b, w r\u00f3\u017cnych przedzia\u0142ach wiekowych. Chcieliby\u015bmy przedstawi\u0107 wyniki ankiety i podsumowa\u0107 je. Popularno\u015b\u0107 odnawialnych \u017ar\u00f3de\u0142 energii w Grecji Odnawialne \u017ar\u00f3d\u0142a energii s\u0105 kluczowe w ratowaniu planety, zarazem nie zabieraj\u0105 one nam wyg\u00f3d nowoczesnego \u017cycia. W Polsce ro\u015bnie liczba instalacji fotowoltaicznych, elektrowni wiatrowych i wodnych. Jak sytuacja wygl\u0105da w Grecji? Zauwa\u017cyli\u015bmy wiele paneli s\u0142onecznych, czy jednak s\u0105 one tak powszechne jak nam si\u0119 wydaje? Zapytali\u015bmy si\u0119 o to przechodni\u00f3w. Wed\u0142ug ankiety 28,6% os\u00f3b ankietowanych stale u\u017cywa odnawialnych \u017ar\u00f3de\u0142 energii, a natomiast 14,3% badanych twierdzi \u017ce u\u017cywa ich zamiennie z odnawialnymi \u017ar\u00f3d\u0142ami energii. Zaskoczy\u0142a nas informacja, \u017ce a\u017c 57,1% zapytanych os\u00f3b wcale nie u\u017cywa zielonej energii. Czy popularno\u015b\u0107 zielonej energii zbiega si\u0119 z trosk\u0105 o \u015brodowisko Grek\u00f3w? Zadali\u015bmy pytanie, aby nasi ankietowani ocenili swoj\u0105 trosk\u0119 o \u015brodowisko w skali od 1 do 10. Wyniki by\u0142y pozytywne. \u017badna osoba nie poda\u0142a liczby od 1 do 4, co oznacza wysoki pr\u00f3g deklaracji na temat dba\u0142o\u015bci o przyrod\u0119.\u00a0 64,4% poda\u0142o liczb\u0119 z zakresu od 8 do 10. 35,6 uwa\u017ca, \u017ce przeci\u0119tnie przejmuj\u0119 si\u0119 dobrem \u015brodowiska (podana liczba by\u0142a z zakresu od 5 do 7).\u00a0 Wed\u0142ug naszych wynik\u00f3w popularno\u015b\u0107 zielonej energii nie koreluje z deklaracj\u0105 troski o \u015brodowisko. Mo\u017cna to jednak wyt\u0142umaczy\u0107 wci\u0105\u017c rozwijaj\u0105cym si\u0119 rynkiem odnawialnych \u017ar\u00f3de\u0142 energii i niezamo\u017cno\u015bci\u0105 cz\u0119\u015bci spo\u0142ecze\u0144stwa. Jak wygl\u0105daj\u0105 opinie Grek\u00f3w o dba\u0142o\u015bci o \u015brodowisko ich wsp\u00f3\u0142obywateli? Wyniki te znacznie r\u00f3\u017cni\u0105 si\u0119 od samooceny na ten sam temat. Grecy s\u0105 bardziej krytyczni wobec innych ludzi w tym zakresie, co przedstawiaj\u0105 wyniki kolejnego pytania.\u00a0 W przedziale od 1 do 4 znalaz\u0142o si\u0119 28,6 % odpowiedzi, gdy poprzednio by\u0142o to 0 %. Zaskakuj\u0105co jednak nikt nie udzieli\u0142 odpowiedzi w przedziale od 8 do 10, co oznacza nisk\u0105 opini\u0119 Grek\u00f3w o dzia\u0142aniach ekologicznych wsp\u00f3\u0142obywateli. Jak oceniane s\u0105 dzia\u0142ania rz\u0105du? Najwi\u0119kszy wp\u0142yw na zmiany klimatu maj\u0105 najpot\u0119\u017cniejsze organizacje, takie jak rz\u0105dy kraj\u00f3w. Maj\u0105 one pieni\u0105dze i w\u0142adz\u0119, aby skutecznie ogranicza\u0107 szkodliwe dzia\u0142ania w kierunku klimatu. Dlatego Greccy opowiedzili nam o swoich punktach widzenia na temat aktywno\u015bci rz\u0105du w ekologii. A\u017c 78,6% os\u00f3b poda\u0142o liczb\u0119 z zakresu od 1 do 4. Mo\u017cemy zauwa\u017cy\u0107 du\u017ce niezadowolenie z polityki pa\u0144stwa. Natomiast tylko 28,4% ankietowanych odpowiedzia\u0142o si\u0119 za pozytywnym dzia\u0142aniem rz\u0105du. Jaka jest znajomo\u015b\u0107 ekologicznych organizacji pozarz\u0105dowych? Opr\u00f3cz rz\u0105du w Grecji dzia\u0142aj\u0105 r\u00f3wnie\u017c pewne organizacje pozarz\u0105dowe, kt\u00f3re wspieraj\u0105 ochron\u0119 \u015brodowiska. Chocia\u017c Grecy deklarowali wysok\u0105 \u015bwiadomo\u015b\u0107 i ch\u0119\u0107 pomocy przyrodzie, nie znaj\u0105 du\u017cej ilo\u015bci organizacji proekologicznych, dzia\u0142aj\u0105cych w ich kraju i na \u015bwiecie. 57,1 % os\u00f3b zna zaledwie jedn\u0105 lub dwie \u00f3w organizacje. 35,7 % zna natomiast od trzech do czterech takich instytucji. Tylko jedna osoba ankietowana zna ponad cztery organizacje.\u00a0 Ta informacja nie jest raczej pozytywna, poniewa\u017c wi\u0119kszo\u015b\u0107 Grek\u00f3w prawdopodobnie nie udziela si\u0119 w \u017cadnej z nich, a organizacje pozarz\u0105dowe s\u0105 kluczowym elementem ratowania \u015brodowiska.<\/p>\n","protected":false},"author":4,"featured_media":557,"comment_status":"closed","ping_status":"open","sticky":false,"template":"","format":"standard","meta":{"footnotes":""},"categories":[1,122],"tags":[],"class_list":["post-332","post","type-post","status-publish","format-standard","has-post-thumbnail","hentry","category-bez-kategorii","category-pmu-mob-1"],"_links":{"self":[{"href":"http:\/\/for-the-earth.pl\/index.php\/wp-json\/wp\/v2\/posts\/332","targetHints":{"allow":["GET"]}}],"collection":[{"href":"http:\/\/for-the-earth.pl\/index.php\/wp-json\/wp\/v2\/posts"}],"about":[{"href":"http:\/\/for-the-earth.pl\/index.php\/wp-json\/wp\/v2\/types\/post"}],"author":[{"embeddable":true,"href":"http:\/\/for-the-earth.pl\/index.php\/wp-json\/wp\/v2\/users\/4"}],"replies":[{"embeddable":true,"href":"http:\/\/for-the-earth.pl\/index.php\/wp-json\/wp\/v2\/comments?post=332"}],"version-history":[{"count":12,"href":"http:\/\/for-the-earth.pl\/index.php\/wp-json\/wp\/v2\/posts\/332\/revisions"}],"predecessor-version":[{"id":1086,"href":"http:\/\/for-the-earth.pl\/index.php\/wp-json\/wp\/v2\/posts\/332\/revisions\/1086"}],"wp:featuredmedia":[{"embeddable":true,"href":"http:\/\/for-the-earth.pl\/index.php\/wp-json\/wp\/v2\/media\/557"}],"wp:attachment":[{"href":"http:\/\/for-the-earth.pl\/index.php\/wp-json\/wp\/v2\/media?parent=332"}],"wp:term":[{"taxonomy":"category","embeddable":true,"href":"http:\/\/for-the-earth.pl\/index.php\/wp-json\/wp\/v2\/categories?post=332"},{"taxonomy":"post_tag","embeddable":true,"href":"http:\/\/for-the-earth.pl\/index.php\/wp-json\/wp\/v2\/tags?post=332"}],"curies":[{"name":"wp","href":"https:\/\/api.w.org\/{rel}","templated":true}]}}